{"id":38177,"date":"2019-11-26T20:37:44","date_gmt":"2019-11-26T20:37:44","guid":{"rendered":"https:\/\/site.utm.ro\/deschiderea-cursurilor-postuniversitare-organizate-de-facultatea-de-stiintele-comunicarii-si-relatii-internationale\/"},"modified":"2026-03-18T12:55:13","modified_gmt":"2026-03-18T12:55:13","slug":"opening-of-postgraduate-courses-organized-by-the-faculty-of-communication-sciences-and-international-relations","status":"publish","type":"post","link":"https:\/\/site.utm.ro\/en\/deschiderea-cursurilor-postuniversitare-organizate-de-facultatea-de-stiintele-comunicarii-si-relatii-internationale\/","title":{"rendered":"OPENING OF POSTGRADUATE COURSES ORGANIZED BY THE FACULTY OF COMMUNICATION SCIENCES AND INTERNATIONAL RELATIONS"},"content":{"rendered":"<div class=\"vgblk-rw-wrapper limit-wrapper\">\n<div class=\"single-post-content-text content-pad\">\n<p style=\"text-align: center;\"><strong>NEWS RELEASE<\/strong><strong>\u00a0<\/strong><\/p>\n<p style=\"text-align: center;\"><strong>POSTGRADUATE COURSE OPENING<\/strong><\/p>\n<p style=\"text-align: center;\"><strong>FACULTY OF COMMUNICATION SCIENCES ORGANIZATION<\/strong><\/p>\n<p style=\"text-align: center;\"><strong>AND INTERNATIONAL RELATIONS<\/strong><\/p>\n<p>On November 23, starting at 10:00 AM, the GRAND OPENING CEREMONY of the POSTGRADUATE COURSES took place in the Aula Magna of Titu Maiorescu University in Bucharest: <strong>Integration and Inclusion in the Education System for Children with Special Needs<\/strong> and <strong>CHILDCARE - A DIMENSION OF PRE-SCHOOL EDUCATION<\/strong>. Both courses are organized by <strong>Faculty of Communication Sciences and International Relations<\/strong> (Department of Specialization in Psychopedagogy) at Titu Maiorescu University. The event, which began to the strains of the academic anthem <em>Let us rejoice, therefore<\/em>, it enjoyed wide participation, consisting of pre-university teaching staff enrolled in new courses and faculty professors.<\/p>\n<p>During the opening session, the Dean of the Faculty of Communication Sciences and International Relations, Professor Sorin Ivan, PhD, outlined for the audience an essential portrait of Titu Maiorescu University, based on its defining data, and extensively presented the two postgraduate programs, highlighting the general framework for their initiation, objectives, structure, scientific content, delivery and evaluation methods, and other administrative elements.<\/p>\n<p>By organizing the postgraduate courses \"INTEGRATION AND INCLUSION IN THE EDUCATION SYSTEM OF CHILDREN WITH SPECIAL EDUCATIONAL NEEDS\" and \"CHILDCARE \u2013 A DIMENSION OF PRESCHOOL EDUCATION,\" Titu Maiorescu University institutionally and academically responds to the objective of professionalizing pre-university education, as stipulated by education legislation, a need keenly felt at the system level in some of its segments.<\/p>\n<p>Faculty of Communication Sciences and International Relations<\/p>\n<p>(<a href=\"https:\/\/www.utm.ro\" target=\"_blank\" rel=\"noopener\">www.utm.ro<\/a>, Phone: 021.330.20.61, Email: <a href=\"mailto:fscri@univ.utm.ro\">fscri@univ.utm.ro<\/a>)<\/p>\n<p><img fetchpriority=\"high\" alt=\"\" class=\"alignnone size-medium wp-image-10739\" decoding=\"async\" height=\"1200\" sizes=\"(max-width: 1600px) 100vw, 1600px\" src=\"\/wp-content\/uploads\/2026\/03\/IMG-20191123-WA0015-300x225.jpg\" srcset=\"\/wp-content\/uploads\/2026\/03\/IMG-20191123-WA0015-300x225.jpg 300w, \/wp-content\/uploads\/2026\/03\/IMG-20191123-WA0015-1024x768.jpg 1024w, \/wp-content\/uploads\/2026\/03\/IMG-20191123-WA0015-768x576.jpg 768w, \/wp-content\/uploads\/2026\/03\/IMG-20191123-WA0015-1536x1152.jpg 1536w, \/wp-content\/uploads\/2026\/03\/IMG-20191123-WA0015-255x191.jpg 255w, \/wp-content\/uploads\/2026\/03\/IMG-20191123-WA0015.jpg 1600w\" width=\"1600\"\/><\/p>\n<\/div>\n<\/div>\n<p><!-- .vgblk-rw-wrapper --><\/p>","protected":false},"excerpt":{"rendered":"<p>COMUNICAT\u00a0 DESCHIDEREA CURSURILOR POSTUNIVERSITARE ORGANIZATE DE FACULTATEA DE \u0218TIIN\u021aELE COMUNIC\u0102RII \u0218I RELA\u021aII INTERNA\u021aIONALE \u00cen data de 23 noiembrie, \u00eencep\u00e2nd cu ora 10.00, \u00een Aula Magna a Universit\u0103\u021bii Titu Maiorescu din Bucure\u0219ti, a avut loc FESTIVITATEA de DESCHIDERE a CURSURILOR POSTUNIVERSITARE: INTEGRAREA \u0218I INCLUZIUNEA \u00ceN SISTEMUL DE \u00ceNV\u0102\u021a\u0102M\u00c2NT A COPIILOR CU CES \u0219i PUERICULTURA \u2013 DIMENSIUNE&#8230;<\/p>","protected":false},"author":0,"featured_media":38179,"comment_status":"closed","ping_status":"open","sticky":false,"template":"","format":"standard","meta":{"footnotes":""},"categories":[88,90,97,79],"tags":[],"class_list":["post-38177","post","type-post","status-publish","format-standard","has-post-thumbnail","hentry","category-comunicate-de-presa","category-fsecri","category-ro","category-stiri-evenimente"],"_links":{"self":[{"href":"https:\/\/site.utm.ro\/en\/wp-json\/wp\/v2\/posts\/38177","targetHints":{"allow":["GET"]}}],"collection":[{"href":"https:\/\/site.utm.ro\/en\/wp-json\/wp\/v2\/posts"}],"about":[{"href":"https:\/\/site.utm.ro\/en\/wp-json\/wp\/v2\/types\/post"}],"replies":[{"embeddable":true,"href":"https:\/\/site.utm.ro\/en\/wp-json\/wp\/v2\/comments?post=38177"}],"version-history":[{"count":0,"href":"https:\/\/site.utm.ro\/en\/wp-json\/wp\/v2\/posts\/38177\/revisions"}],"wp:featuredmedia":[{"embeddable":true,"href":"https:\/\/site.utm.ro\/en\/wp-json\/wp\/v2\/media\/38179"}],"wp:attachment":[{"href":"https:\/\/site.utm.ro\/en\/wp-json\/wp\/v2\/media?parent=38177"}],"wp:term":[{"taxonomy":"category","embeddable":true,"href":"https:\/\/site.utm.ro\/en\/wp-json\/wp\/v2\/categories?post=38177"},{"taxonomy":"post_tag","embeddable":true,"href":"https:\/\/site.utm.ro\/en\/wp-json\/wp\/v2\/tags?post=38177"}],"curies":[{"name":"wp","href":"https:\/\/api.w.org\/{rel}","templated":true}]}}