{"id":38175,"date":"2020-01-15T21:41:02","date_gmt":"2020-01-15T21:41:02","guid":{"rendered":"https:\/\/site.utm.ro\/universitatea-titu-maiorescu-isi-exprima-regretul-pentru-trecerea-in-nefiinta-a-domnului-academician-general-r-prof-univ-dr-hc-vasile-candea\/"},"modified":"2020-01-15T21:41:02","modified_gmt":"2020-01-15T21:41:02","slug":"universitatea-titu-maiorescu-isi-exprima-regretul-pentru-trecerea-in-nefiinta-a-domnului-academician-general-r-prof-univ-dr-hc-vasile-candea","status":"publish","type":"post","link":"https:\/\/site.utm.ro\/en\/universitatea-titu-maiorescu-isi-exprima-regretul-pentru-trecerea-in-nefiinta-a-domnului-academician-general-r-prof-univ-dr-hc-vasile-candea\/","title":{"rendered":"Titu Maiorescu University expresses its regret for the passing of Academician General (ret.) Prof. Univ. Dr. HC Vasile C\u00e2ndea."},"content":{"rendered":"<div class=\"vgblk-rw-wrapper limit-wrapper\">\n<div class=\"single-post-content-text content-pad\">\n<div class=\"wpb-content-wrapper\">\n<div class=\"u_row\">\n<div class=\"vc_row wpb_row vc_row-fluid\">\n<div class=\"wpb_column vc_column_container vc_col-sm-12 vc_col-has-fill\">\n<div class=\"vc_column-inner vc_custom_1556622488238\">\n<div class=\"wpb_wrapper\">\n<p style=\"text-align: center;\"><img fetchpriority=\"high\" alt=\"\" class=\"size-medium wp-image-10249 aligncenter\" decoding=\"async\" height=\"316\" src=\"\/wp-content\/uploads\/2020\/01\/UTM_Noutati_Vasile-Candea_150120.jpg\" width=\"300\"\/><\/p>\n<p>\u00a0<\/p>\n<p>\u00centreaga comunitate academic\u0103 maiorescian\u0103 este profund \u00eendurerat\u0103 de trecerea \u00een eternitate a domnului <strong>Academician General (r) Prof. Univ. Dr. HC Vasile C\u00e2ndea<\/strong>, membru fondator \u0219i Prorector al Universit\u0103\u021bii Titu Maiorescu, personalitate marcant\u0103 \u00een domeniul chirurgiei cardiovasculare, profesor de \u00eenalt\u0103 \u021binut\u0103 academic\u0103, pre\u021buit \u0219i respectat de zeci de genera\u021bii de studen\u021bi, masteranzi \u0219i doctoranzi.<\/p>\n<p>Pre\u0219edinte fondator al Academiei Oamenilor de \u0218tiin\u021b\u0103 din Rom\u00e2nia, profesorul Vasile C\u00e2ndea \u0219i-a dedicat \u00eentreaga via\u021b\u0103 carierei academice, fiind un model pentru noi to\u021bi, at\u00e2t prin valoarea sa profesional\u0103 c\u00e2t \u0219i prin calit\u0103\u021bile sale umane.<\/p>\n<p>\u00a0<\/p>\n<p>\u00cel vom p\u0103stra \u00een memoria noastr\u0103!<br \/> Dumnezeu s\u0103 \u00eel odihneasc\u0103 \u00een pace!<\/p>\n<p><strong>Conducerea Universit\u0103\u021bii Titu Maiorescu<\/strong><\/p>\n<\/div>\n<\/div>\n<\/div>\n<\/div>\n<\/div>\n<\/div>\n<\/div>\n<\/div>\n<p><!-- .vgblk-rw-wrapper --><\/p>","protected":false},"excerpt":{"rendered":"<p>\u00a0 \u00centreaga comunitate academic\u0103 maiorescian\u0103 este profund \u00eendurerat\u0103 de trecerea \u00een eternitate a domnului Academician General (r) Prof. Univ. Dr. HC Vasile C\u00e2ndea, membru fondator \u0219i Prorector al Universit\u0103\u021bii Titu Maiorescu, personalitate marcant\u0103 \u00een domeniul chirurgiei cardiovasculare, profesor de \u00eenalt\u0103 \u021binut\u0103 academic\u0103, pre\u021buit \u0219i respectat de zeci de genera\u021bii de studen\u021bi, masteranzi \u0219i doctoranzi. Pre\u0219edinte&#8230;<\/p>","protected":false},"author":0,"featured_media":38176,"comment_status":"","ping_status":"open","sticky":false,"template":"","format":"standard","meta":{"footnotes":""},"categories":[97,79],"tags":[],"class_list":["post-38175","post","type-post","status-publish","format-standard","has-post-thumbnail","hentry","category-ro","category-stiri-evenimente"],"_links":{"self":[{"href":"https:\/\/site.utm.ro\/en\/wp-json\/wp\/v2\/posts\/38175","targetHints":{"allow":["GET"]}}],"collection":[{"href":"https:\/\/site.utm.ro\/en\/wp-json\/wp\/v2\/posts"}],"about":[{"href":"https:\/\/site.utm.ro\/en\/wp-json\/wp\/v2\/types\/post"}],"replies":[{"embeddable":true,"href":"https:\/\/site.utm.ro\/en\/wp-json\/wp\/v2\/comments?post=38175"}],"version-history":[{"count":0,"href":"https:\/\/site.utm.ro\/en\/wp-json\/wp\/v2\/posts\/38175\/revisions"}],"wp:featuredmedia":[{"embeddable":true,"href":"https:\/\/site.utm.ro\/en\/wp-json\/wp\/v2\/media\/38176"}],"wp:attachment":[{"href":"https:\/\/site.utm.ro\/en\/wp-json\/wp\/v2\/media?parent=38175"}],"wp:term":[{"taxonomy":"category","embeddable":true,"href":"https:\/\/site.utm.ro\/en\/wp-json\/wp\/v2\/categories?post=38175"},{"taxonomy":"post_tag","embeddable":true,"href":"https:\/\/site.utm.ro\/en\/wp-json\/wp\/v2\/tags?post=38175"}],"curies":[{"name":"wp","href":"https:\/\/api.w.org\/{rel}","templated":true}]}}